{"id":987502333,"date":"2025-12-18T17:08:31","date_gmt":"2025-12-18T22:08:31","guid":{"rendered":"https:\/\/stephanieplante.ca\/fr\/?p=987502333"},"modified":"2025-12-18T17:08:37","modified_gmt":"2025-12-18T22:08:37","slug":"apercu-du-budget-du-comite-des-services-communautaires","status":"publish","type":"post","link":"https:\/\/stephanieplante.ca\/fr\/apercu-du-budget-du-comite-des-services-communautaires\/","title":{"rendered":"Aper\u00e7u du budget du Comit\u00e9 des services communautaires"},"content":{"rendered":"<p>[et_pb_section fb_built=\u00a0\u00bb1&Prime; admin_label=\u00a0\u00bbsection\u00a0\u00bb _builder_version=\u00a0\u00bb4.16&Prime; global_colors_info=\u00a0\u00bb{}\u00a0\u00bb][et_pb_row admin_label=\u00a0\u00bbrow\u00a0\u00bb _builder_version=\u00a0\u00bb4.16&Prime; background_size=\u00a0\u00bbinitial\u00a0\u00bb background_position=\u00a0\u00bbtop_left\u00a0\u00bb background_repeat=\u00a0\u00bbrepeat\u00a0\u00bb global_colors_info=\u00a0\u00bb{}\u00a0\u00bb][et_pb_column type=\u00a0\u00bb4_4&Prime; _builder_version=\u00a0\u00bb4.16&Prime; custom_padding=\u00a0\u00bb|||\u00a0\u00bb global_colors_info=\u00a0\u00bb{}\u00a0\u00bb custom_padding__hover=\u00a0\u00bb|||\u00a0\u00bb][et_pb_text _builder_version=\u00a0\u00bb4.27.5&Prime; _module_preset=\u00a0\u00bbdefault\u00a0\u00bb hover_enabled=\u00a0\u00bb0&Prime; sticky_enabled=\u00a0\u00bb0&Prime;]<\/p>\n<p>J&rsquo;ai vot\u00e9 en faveur du budget des services communautaires qui a \u00e9t\u00e9 adopt\u00e9 par le Conseil le 10 d\u00e9cembre. Voici quelques points importants :<span class=\"Apple-converted-space\">\u00a0<\/span><\/p>\n<ul>\n<li>Le cadre de financement communautaire investit 34 millions de dollars dans 140 organismes de services sociaux, dont 2,1 millions de dollars dans le Fonds pour le plan de s\u00e9curit\u00e9 et de bien-\u00eatre communautaires, 5 millions de dollars pour lutter contre l&rsquo;ins\u00e9curit\u00e9 alimentaire et 1,5 million de dollars pour les jeunes \u00e0 risque.<span class=\"Apple-converted-space\">\u00a0<\/span><\/li>\n<li>\u00a0Investir 2,7 millions de dollars dans le bien-\u00eatre mental, la s\u00e9curit\u00e9 financi\u00e8re, la r\u00e9duction de la pauvret\u00e9 et la lutte contre la violence sexiste.<\/li>\n<li>G\u00e9rer les partenariats provinciaux et f\u00e9d\u00e9raux\u00a0<\/li>\n<\/ul>\n<ul>\n<li style=\"list-style-type: none;\">\n<ul>\n<li>7,6 millions de dollars sur trois ans pour le nouvel accord du Partenariat pour la s\u00e9curit\u00e9 dans le centre-ville &#8211; Ottawa-Ontario (qui sera directement investi dans le march\u00e9 By)<span class=\"Apple-converted-space\">\u00a0<\/span><\/li>\n<li>9 millions de dollars sur trois ans pour le nouvel accord entre le programme Solution de rechange communautaire pour l\u2019intervention en cas de crise (ANCRE) &#8211; Ottawa\u2013Ontario.<\/li>\n<li>6,7 millions de dollars provenant d&rsquo;un partenariat avec S\u00e9curit\u00e9 publique Canada, Building Safer Communities, qui soutient le bien-\u00eatre des jeunes dans les quartiers prioritaires.<\/li>\n<\/ul>\n<\/li>\n<li>\u00a0Investissements dans nos a\u00een\u00e9s par le biais du plan 2025-2030 de la Ville pour les personnes \u00e2g\u00e9es, dans nos jeunes par le biais du programme L\u2019avenir Jeunesse et du partenariat avec le Boys and Girls Club of Ottawa.<\/li>\n<\/ul>\n<ul>\n<li style=\"list-style-type: none;\">\u00a0<\/li>\n<\/ul>\n<p>Il y a eu une longue et saine discussion au sujet d&rsquo;ANCRE, tant au comit\u00e9 qu&rsquo;au conseil. Je tiens \u00e0 \u00eatre clair : je soutiens ANCRE de tout c\u0153ur. Mais je ne consid\u00e8re pas ANCRE comme un substitut \u00e0 l&rsquo;application l\u00e9gitime de la loi par la police. ANCRE est une ressource et un outil pr\u00e9cieux pour les plus vuln\u00e9rables d&rsquo;entre nous. J&rsquo;ai appuy\u00e9 la motion King-Johnson visant \u00e0 accorder \u00e0 ANCRE le m\u00eame paiement unique que celui re\u00e7u par la police \u00e0 partir de la r\u00e9serve fiscale. Malheureusement, cette motion a \u00e9t\u00e9 rejet\u00e9e.<span class=\"Apple-converted-space\">\u00a0<\/span><\/p>\n<p>Malheureusement, les personnes les plus vuln\u00e9rables sont \u00e9galement la proie des trafiquants de drogue, des trafiquants sexuels et d&rsquo;autres \u00e9l\u00e9ments criminels qui guettent pour en profiter. ANCRE ne peut r\u00e9ussir que si les \u00e9l\u00e9ments criminels qui entourent les personnes vuln\u00e9rables sont \u00e9galement pris en compte.<span class=\"Apple-converted-space\">\u00a0<\/span><\/p>\n<p>Bien que les investissements budg\u00e9taires et l&rsquo;orientation de la ville ne correspondent pas au changement de syst\u00e8me que j&rsquo;ai pr\u00e9conis\u00e9, le Canada a besoin d&rsquo;un <a href=\"https:\/\/www.ipolitics.ca\/2025\/12\/03\/canada-needs-a-game-plan-for-next-phase-of-opioid-crisis\/\">plan d&rsquo;action<\/a> pour la prochaine phase de la crise des opio\u00efdes &#8211; iPolitics, je soutiens ce budget car la ville va dans la bonne direction.<span class=\"Apple-converted-space\">\u00a0<\/span><\/p>\n<p>Il y aura d&rsquo;autres occasions de se prononcer sur certains \u00e9l\u00e9ments cl\u00e9s en 2026 qui auront un impact sur le quartier 12, comme la mise \u00e0 jour du rapport sur le plan de logement et de lutte contre l&rsquo;itin\u00e9rance et le rapport sur le d\u00e9veloppement \u00e9conomique et la revitalisation du centre-ville, deux occasions d&rsquo;obtenir davantage de changements syst\u00e9miques pour lutter contre les troubles sociaux dans le quartier 12.<\/p>\n<p>[\/et_pb_text][\/et_pb_column][\/et_pb_row][\/et_pb_section]<\/p>\n","protected":false},"excerpt":{"rendered":"<p>J&rsquo;ai vot\u00e9 en faveur du budget des services communautaires qui a \u00e9t\u00e9 adopt\u00e9 par le Conseil le 10 d\u00e9cembre. Voici quelques points importants : <\/p>\n","protected":false},"author":1,"featured_media":987502285,"comment_status":"closed","ping_status":"closed","sticky":false,"template":"","format":"standard","meta":{"_acf_changed":false,"_et_pb_use_builder":"on","_et_pb_old_content":"","_et_gb_content_width":"","footnotes":""},"categories":[27,12,13],"tags":[],"class_list":["post-987502333","post","type-post","status-publish","format-standard","has-post-thumbnail","hentry","category-actualites","category-budget","category-services-communautaires"],"acf":[],"_links":{"self":[{"href":"https:\/\/stephanieplante.ca\/fr\/wp-json\/wp\/v2\/posts\/987502333","targetHints":{"allow":["GET"]}}],"collection":[{"href":"https:\/\/stephanieplante.ca\/fr\/wp-json\/wp\/v2\/posts"}],"about":[{"href":"https:\/\/stephanieplante.ca\/fr\/wp-json\/wp\/v2\/types\/post"}],"author":[{"embeddable":true,"href":"https:\/\/stephanieplante.ca\/fr\/wp-json\/wp\/v2\/users\/1"}],"replies":[{"embeddable":true,"href":"https:\/\/stephanieplante.ca\/fr\/wp-json\/wp\/v2\/comments?post=987502333"}],"version-history":[{"count":0,"href":"https:\/\/stephanieplante.ca\/fr\/wp-json\/wp\/v2\/posts\/987502333\/revisions"}],"wp:featuredmedia":[{"embeddable":true,"href":"https:\/\/stephanieplante.ca\/fr\/wp-json\/wp\/v2\/media\/987502285"}],"wp:attachment":[{"href":"https:\/\/stephanieplante.ca\/fr\/wp-json\/wp\/v2\/media?parent=987502333"}],"wp:term":[{"taxonomy":"category","embeddable":true,"href":"https:\/\/stephanieplante.ca\/fr\/wp-json\/wp\/v2\/categories?post=987502333"},{"taxonomy":"post_tag","embeddable":true,"href":"https:\/\/stephanieplante.ca\/fr\/wp-json\/wp\/v2\/tags?post=987502333"}],"curies":[{"name":"wp","href":"https:\/\/api.w.org\/{rel}","templated":true}]}}