{"id":987502327,"date":"2025-12-12T15:58:12","date_gmt":"2025-12-12T20:58:12","guid":{"rendered":"https:\/\/stephanieplante.ca\/fr\/?p=987502327"},"modified":"2025-12-12T15:58:12","modified_gmt":"2025-12-12T20:58:12","slug":"reflexions-suite-au-petit-dejeuner-du-maire-avec-le-premier-ministre-mark-carney","status":"publish","type":"post","link":"https:\/\/stephanieplante.ca\/fr\/reflexions-suite-au-petit-dejeuner-du-maire-avec-le-premier-ministre-mark-carney\/","title":{"rendered":"R\u00e9flexions suite au petit-d\u00e9jeuner du maire avec le premier ministre Mark Carney"},"content":{"rendered":"<p dir=\"ltr\"><span data-olk-copy-source=\"MessageBody\">J\u2019ai assist\u00e9 ce matin au d\u00e9jeuner du maire avec le premier ministre Mark Carney, et je suis ressortie avec des impressions partag\u00e9es.\u00a0<\/span><\/p>\n<p dir=\"ltr\">C\u2019est positif qu\u2019il soit venu pr\u00e9senter le travail f\u00e9d\u00e9ral en cours. La candidature pour accueillir le Sommet de la Francophonie est une excellente nouvelle pour Ottawa, et l\u2019annonce sur le logement (lien ci-dessous) apportera un vrai coup de pouce. Rien \u00e0 redire l\u00e0-dessus.<\/p>\n<p dir=\"ltr\">Mais si on veut vraiment stimuler le commerce interprovincial, il faut poser la question qui f\u00e2che : o\u00f9 vont passer tous ces camions ?<\/p>\n<p dir=\"ltr\">La r\u00e9ponse est le 6\u00e8me lien. Pourtant, on en parle \u00e0 peine, m\u00eame si le dossier avance clairement en coulisses. C\u2019est un peu le fant\u00f4me des projets d\u2019infrastructure. Tout le monde sait que \u00e7a s\u2019en vient, tout le monde en per\u00e7oit certains signes, mais bizarrement, personne ne veut l\u2019aborder honn\u00eatement.<\/p>\n<p dir=\"ltr\">Je veux r\u00e9affirmer mon appui, parce que ce lien va renforcer nos \u00e9changes internes, r\u00e9duire notre d\u00e9pendance envers le corridor am\u00e9ricain et fournir aux chauffeurs routiers les infrastructures dont ils ont besoin pour faire leur travail de mani\u00e8re s\u00fbre et efficace.<\/p>\n<p dir=\"ltr\">Il faut toutefois garder la t\u00eate froide. Le 6\u00e8me lien ne fera pas dispara\u00eetre tous les camions du centre-ville. Ce matin encore, j\u2019ai crois\u00e9 un camion Sysco pr\u00e8s de l\u2019Universit\u00e9 d\u2019Ottawa et d\u2019autres qui ravitaillaient le Centre Rideau. Les livraisons font partie de la vie d\u2019un centre-ville. Ce que ce lien peut apporter, c\u2019est un r\u00e9el all\u00e8gement de la pression sur King Edward et un peu de r\u00e9pit pour des r\u00e9sidents qui n\u2019ont pas toujours les m\u00eames ressources financi\u00e8res ou la m\u00eame influence politique que ceux du secteur de l\u2019\u00eele Kettle.<\/p>\n<p dir=\"ltr\">Logement, commerce, transport : tout est li\u00e9. Les annonces d\u2019aujourd\u2019hui sont encourageantes, mais nous ne pouvons pas continuer \u00e0 tourner autour du pot en ce qui concerne l&rsquo;infrastructure qui relie tant d&rsquo;\u00e9l\u00e9ments entre eux.<\/p>\n","protected":false},"excerpt":{"rendered":"<p>J\u2019ai assist\u00e9 ce matin au d\u00e9jeuner du maire avec le premier ministre Mark Carney, et je suis ressortie avec des impressions partag\u00e9es.\u00a0<\/p>\n","protected":false},"author":1,"featured_media":987502328,"comment_status":"closed","ping_status":"closed","sticky":false,"template":"","format":"standard","meta":{"_acf_changed":false,"_et_pb_use_builder":"","_et_pb_old_content":"","_et_gb_content_width":"","footnotes":""},"categories":[27,15,24,20],"tags":[],"class_list":["post-987502327","post","type-post","status-publish","format-standard","has-post-thumbnail","hentry","category-actualites","category-logement","category-partenariats","category-transport"],"acf":[],"_links":{"self":[{"href":"https:\/\/stephanieplante.ca\/fr\/wp-json\/wp\/v2\/posts\/987502327","targetHints":{"allow":["GET"]}}],"collection":[{"href":"https:\/\/stephanieplante.ca\/fr\/wp-json\/wp\/v2\/posts"}],"about":[{"href":"https:\/\/stephanieplante.ca\/fr\/wp-json\/wp\/v2\/types\/post"}],"author":[{"embeddable":true,"href":"https:\/\/stephanieplante.ca\/fr\/wp-json\/wp\/v2\/users\/1"}],"replies":[{"embeddable":true,"href":"https:\/\/stephanieplante.ca\/fr\/wp-json\/wp\/v2\/comments?post=987502327"}],"version-history":[{"count":0,"href":"https:\/\/stephanieplante.ca\/fr\/wp-json\/wp\/v2\/posts\/987502327\/revisions"}],"wp:featuredmedia":[{"embeddable":true,"href":"https:\/\/stephanieplante.ca\/fr\/wp-json\/wp\/v2\/media\/987502328"}],"wp:attachment":[{"href":"https:\/\/stephanieplante.ca\/fr\/wp-json\/wp\/v2\/media?parent=987502327"}],"wp:term":[{"taxonomy":"category","embeddable":true,"href":"https:\/\/stephanieplante.ca\/fr\/wp-json\/wp\/v2\/categories?post=987502327"},{"taxonomy":"post_tag","embeddable":true,"href":"https:\/\/stephanieplante.ca\/fr\/wp-json\/wp\/v2\/tags?post=987502327"}],"curies":[{"name":"wp","href":"https:\/\/api.w.org\/{rel}","templated":true}]}}