{"id":987502298,"date":"2025-11-26T10:06:59","date_gmt":"2025-11-26T15:06:59","guid":{"rendered":"https:\/\/stephanieplante.ca\/fr\/?p=987502298"},"modified":"2025-11-26T10:06:59","modified_gmt":"2025-11-26T15:06:59","slug":"des-travaux-sur-lautoroute-417-entraineront-la-fermeture-des-deux-bretelles-dacces-en-direction-ouest-depuis-la-promenade-vanier","status":"publish","type":"post","link":"https:\/\/stephanieplante.ca\/fr\/des-travaux-sur-lautoroute-417-entraineront-la-fermeture-des-deux-bretelles-dacces-en-direction-ouest-depuis-la-promenade-vanier\/","title":{"rendered":"Des travaux sur l\u2019autoroute 417 entra\u00eeneront la fermeture des deux bretelles d\u2019acc\u00e8s en direction ouest depuis la promenade Vanier"},"content":{"rendered":"\n\t\t<div class=\"wppdfemb-frame-container-1\" style=\"-webkit-overflow-scrolling:auto;\">\n\t\t\t<iframe class=\"pdfembed-iframe nonfullscreen wppdf-emb-iframe-1\"\n\t\t\t\tsrc=\"https:\/\/stephanieplante.ca\/fr\/?pdfemb-data=eyJ1cmwiOiJodHRwczpcL1wvc3RlcGhhbmllcGxhbnRlLmNhXC9mclwvd3AtY29udGVudFwvdXBsb2Fkc1wvc2l0ZXNcLzJcLzIwMjVcLzExXC9wc2EtNDE3X2ZyLnBkZiIsImluZGV4IjoxLCJwZGZJRCI6OTg3NTAyMjk5fQ\"\n\t\t\t\t\t\t\t\tdata-pdf-id=\"987502299\"\n\t\t\t\tdata-pdf-index=\"1\"\n\t\t\t\tstyle=\"border:none;width:100%;max-width:100%;height:100vh;\"\n\t\t\t\tscrolling=\"yes\">\n\t\t\t<\/iframe>\n\t\t<\/div>\n\n\t\t\n","protected":false},"excerpt":{"rendered":"<p>Des travaux sur l\u2019autoroute 417 visant \u00e0 r\u00e9parer une vanne de conduite d\u2019eau principale entra\u00eeneront une r\u00e9duction des voies sur l\u2019autoroute et la fermeture des deux bretelles d\u2019acc\u00e8s en direction ouest \u00e0 partir de la promenade Vanier. Les travaux se d\u00e9rouleront du vendredi 28 novembre \u00e0 21 h 30 h au lundi 1er d\u00e9cembre \u00e0 6 h.<\/p>\n","protected":false},"author":1,"featured_media":987497747,"comment_status":"closed","ping_status":"closed","sticky":false,"template":"","format":"standard","meta":{"_acf_changed":false,"_et_pb_use_builder":"","_et_pb_old_content":"","_et_gb_content_width":"","footnotes":""},"categories":[20],"tags":[],"class_list":["post-987502298","post","type-post","status-publish","format-standard","has-post-thumbnail","hentry","category-transport"],"acf":[],"_links":{"self":[{"href":"https:\/\/stephanieplante.ca\/fr\/wp-json\/wp\/v2\/posts\/987502298","targetHints":{"allow":["GET"]}}],"collection":[{"href":"https:\/\/stephanieplante.ca\/fr\/wp-json\/wp\/v2\/posts"}],"about":[{"href":"https:\/\/stephanieplante.ca\/fr\/wp-json\/wp\/v2\/types\/post"}],"author":[{"embeddable":true,"href":"https:\/\/stephanieplante.ca\/fr\/wp-json\/wp\/v2\/users\/1"}],"replies":[{"embeddable":true,"href":"https:\/\/stephanieplante.ca\/fr\/wp-json\/wp\/v2\/comments?post=987502298"}],"version-history":[{"count":0,"href":"https:\/\/stephanieplante.ca\/fr\/wp-json\/wp\/v2\/posts\/987502298\/revisions"}],"wp:featuredmedia":[{"embeddable":true,"href":"https:\/\/stephanieplante.ca\/fr\/wp-json\/wp\/v2\/media\/987497747"}],"wp:attachment":[{"href":"https:\/\/stephanieplante.ca\/fr\/wp-json\/wp\/v2\/media?parent=987502298"}],"wp:term":[{"taxonomy":"category","embeddable":true,"href":"https:\/\/stephanieplante.ca\/fr\/wp-json\/wp\/v2\/categories?post=987502298"},{"taxonomy":"post_tag","embeddable":true,"href":"https:\/\/stephanieplante.ca\/fr\/wp-json\/wp\/v2\/tags?post=987502298"}],"curies":[{"name":"wp","href":"https:\/\/api.w.org\/{rel}","templated":true}]}}