{"id":987502288,"date":"2025-11-07T17:49:37","date_gmt":"2025-11-07T22:49:37","guid":{"rendered":"https:\/\/stephanieplante.ca\/fr\/?p=987502288"},"modified":"2025-11-07T17:49:45","modified_gmt":"2025-11-07T22:49:45","slug":"pourquoi-jai-vote-pour-lansdowne","status":"publish","type":"post","link":"https:\/\/stephanieplante.ca\/fr\/pourquoi-jai-vote-pour-lansdowne\/","title":{"rendered":"Pourquoi j&rsquo;ai vot\u00e9 pour Lansdowne"},"content":{"rendered":"<p>[et_pb_section fb_built=\u00a0\u00bb1&Prime; admin_label=\u00a0\u00bbsection\u00a0\u00bb _builder_version=\u00a0\u00bb4.16&Prime; global_colors_info=\u00a0\u00bb{}\u00a0\u00bb][et_pb_row admin_label=\u00a0\u00bbrow\u00a0\u00bb _builder_version=\u00a0\u00bb4.16&Prime; background_size=\u00a0\u00bbinitial\u00a0\u00bb background_position=\u00a0\u00bbtop_left\u00a0\u00bb background_repeat=\u00a0\u00bbrepeat\u00a0\u00bb global_colors_info=\u00a0\u00bb{}\u00a0\u00bb][et_pb_column type=\u00a0\u00bb4_4&Prime; _builder_version=\u00a0\u00bb4.16&Prime; custom_padding=\u00a0\u00bb|||\u00a0\u00bb global_colors_info=\u00a0\u00bb{}\u00a0\u00bb custom_padding__hover=\u00a0\u00bb|||\u00a0\u00bb][et_pb_text _builder_version=\u00a0\u00bb4.27.4&Prime; _module_preset=\u00a0\u00bbdefault\u00a0\u00bb hover_enabled=\u00a0\u00bb0&Prime; sticky_enabled=\u00a0\u00bb0&Prime;]<\/p>\n<p><b>Pourquoi j&rsquo;ai vot\u00e9 pour Lansdowne<span class=\"Apple-converted-space\">\u00a0<\/span><\/b><\/p>\n<p><b>1. Il est temps de r\u00e9parer ce qui ne fonctionne pas, au lieu de continuer \u00e0 repousser l&rsquo;\u00e9ch\u00e9ance<\/b><\/p>\n<p>Lorsque le projet Lansdowne 1.0 a \u00e9t\u00e9 approuv\u00e9 en 2014 par le maire de l&rsquo;\u00e9poque, Jim Watson, la mairie a commis une grave erreur en laissant de c\u00f4t\u00e9 les tribunes nord et l&rsquo;ar\u00e9na. Nous payons aujourd&rsquo;hui le prix de cette d\u00e9cision. L&rsquo;ar\u00e9na est en mauvais \u00e9tat : il n&rsquo;y a pas de vestiaires pour les femmes, il n&rsquo;est pas accessible aux personnes \u00e0 mobilit\u00e9 r\u00e9duite et le toit a des fuites. Franchement, c&rsquo;est embarrassant pour une capitale. De nombreuses d\u00e9l\u00e9gations ont t\u00e9moign\u00e9 devant le comit\u00e9 (LIEN) au sujet des artistes et des \u00e9v\u00e9nements sportifs qui refusent d&rsquo;utiliser l&rsquo;ar\u00e9na parce qu&rsquo;elle ne r\u00e9pond pas aux normes de 2025 (et encore moins \u00e0 celles de 2005).<span class=\"Apple-converted-space\">\u00a0<\/span><\/p>\n<p>Je me suis pr\u00e9sent\u00e9e au Conseil municipal en promettant de r\u00e9gler les probl\u00e8mes et de les r\u00e9soudre, et non de les repousser \u00e0 plus tard. Ottawa m\u00e9rite des installations de classe mondiale, et non des installations que nous avons honte de montrer aux visiteurs. J&rsquo;ai discut\u00e9 de ce dossier avec mon pr\u00e9d\u00e9cesseur, Mathieu Fleury, qui a vot\u00e9 en faveur de ce projet en 2014 pour les m\u00eames raisons. Nous avons d\u00e9j\u00e0 report\u00e9 ce projet une fois, ce qui n&rsquo;a fait qu&rsquo;aggraver le probl\u00e8me et augmenter les co\u00fbts. Je ne voterai pas en faveur d&rsquo;un nouveau report.<span class=\"Apple-converted-space\">\u00a0<\/span><\/p>\n<p><b>2. L&rsquo;accessibilit\u00e9 ne peut pas \u00eatre seulement un sujet de discussion.<span class=\"Apple-converted-space\">\u00a0<\/span><\/b><\/p>\n<p>Beaucoup d&rsquo;entre vous connaissent mon histoire personnelle et savent comment ma famille s&rsquo;est battue pendant des ann\u00e9es pour obtenir des am\u00e9nagements en mati\u00e8re d&rsquo;accessibilit\u00e9. Landsdowne doit \u00eatre un \u00e9quipement urbain inclusif dont tout le monde peut profiter. La configuration actuelle n&rsquo;est pas accessible. Ottawa accueillera le championnat de basket-ball en fauteuil roulant de 2026, et les d\u00e9l\u00e9gations pr\u00e9sentes au comit\u00e9 nous ont fait savoir que les para-athl\u00e8tes doivent utiliser l&rsquo;entr\u00e9e des poubelles pour entrer et sortir du terrain. C&rsquo;est inacceptable. Lansdowne 2.0 change enfin cela. Il cr\u00e9e un espace que les personnes de toutes capacit\u00e9s peuvent utiliser et appr\u00e9cier en toute s\u00e9curit\u00e9, confortablement et de mani\u00e8re comp\u00e9titive.<span class=\"Apple-converted-space\">\u00a0<\/span><\/p>\n<p><b>3. C&rsquo;est une bonne chose pour les contribuables<span class=\"Apple-converted-space\">\u00a0<\/span><\/b><\/p>\n<p>Malgr\u00e9 ce qu&rsquo;ont dit certains d\u00e9tracteurs, il ne s&rsquo;agit pas d&rsquo;un \u00ab cadeau aux milliardaires \u00bb. Lansdowne 2.0 tire parti des investissements du secteur priv\u00e9 pour aider \u00e0 reconstruire un actif appartenant \u00e0 la ville. Sans les nouvelles tours et la composante commerciale, le co\u00fbt pour les contribuables serait beaucoup plus \u00e9lev\u00e9.<span class=\"Apple-converted-space\">\u00a0<\/span><\/p>\n<p>Pour le propri\u00e9taire moyen, l&rsquo;augmentation s&rsquo;\u00e9l\u00e8ve \u00e0 environ 8,14 dollars par an. M\u00eame si les co\u00fbts augmentent de 25 %, comme l&rsquo;a averti le v\u00e9rificateur g\u00e9n\u00e9ral, cela ne repr\u00e9sente qu&rsquo;environ deux dollars de plus par an. Pour mettre les choses en perspective, le ramassage des ordures m\u00e9nag\u00e8res co\u00fbte 234 dollars par foyer.<span class=\"Apple-converted-space\">\u00a0<\/span><\/p>\n<p>Il s&rsquo;agit d&rsquo;un investissement \u00e9quitable et responsable qui garantit une meilleure utilisation des fonds publics, tout en maintenant la comp\u00e9titivit\u00e9 et le bon entretien des \u00e9quipements d&rsquo;Ottawa.<\/p>\n<p><b>4. La crise du logement \u00e0 Ottawa exige que chacun fasse sa part<span class=\"Apple-converted-space\">\u00a0<\/span><\/b><\/p>\n<p>Lansdowne 2.0 g\u00e9n\u00e9rera environ 10 millions de dollars en droits a\u00e9riens qui seront affect\u00e9s au logement abordable. Bien que ce ne soit pas parfait, je ne vois pas d&rsquo;autre projet immobilier qui g\u00e9n\u00e8re ce type de revenus pour des logements abordables dont nous avons tant besoin. Je ne suis pas d&rsquo;accord avec l&rsquo;avis exprim\u00e9 par de nombreuses personnes qui \u00e9crivent que les deux tours changeront irr\u00e9vocablement le \u00ab caract\u00e8re du quartier \u00bb. Nous avons de nombreuses tours dans le quartier 12. Chaque partie de la ville doit contribuer \u00e0 la densification, et pas seulement le centre-ville, le quartier Basse-Ville ou Vanier. Le Conseil municipal a approuv\u00e9 le plan officiel qui pr\u00e9voit une densification \u00e0 l&rsquo;\u00e9chelle de la ville, y compris dans le quartier Glebe.<span class=\"Apple-converted-space\">\u00a0<\/span><\/p>\n<p>Nous ne pouvons pas continuer \u00e0 dire que nous soutenons la construction de nouveaux logements, mais pas ici, pas maintenant, pas de cette mani\u00e8re.<\/p>\n<p><b>5. NOUS AVONS SAUV\u00c9 L&rsquo;ESPACE VERT !<span class=\"Apple-converted-space\">\u00a0<\/span><\/b><b><\/b><\/p>\n<p>J&rsquo;ai pr\u00e9sent\u00e9 une motion visant \u00e0 pr\u00e9server une superficie \u00e9quivalente \u00e0 celle de l&rsquo;espace vert perdu dans le quartier Capital en raison de la construction du projet Lansdowne 2.0. Cette motion a \u00e9t\u00e9 adopt\u00e9e. Elle permettra \u00e9galement d&rsquo;affecter 100 000 dollars provenant de la taxe d&rsquo;am\u00e9nagement urbaine (CIL) \u00e0 la pr\u00e9servation d&rsquo;un espace vert de remplacement. J&rsquo;\u00e9tais tr\u00e8s contrari\u00e9e de voir que nous allions perdre un espace vert du centre-ville et que la ville devait d\u00e9sormais travailler avec le Conseiller municipal Shawn Menard pour trouver un \u00e9quivalent dans son quartier.<span class=\"Apple-converted-space\">\u00a0<\/span><\/p>\n<p>Nous savons que les espaces verts du centre-ville sont rares, et cela apporte un certain soulagement aux zones touch\u00e9es. Personnellement, j&rsquo;aimerais voir le 160 Lees transform\u00e9 en parc (le Conseiller Menard et moi-m\u00eame partageons Lees Ave), mais nous verrons ce que l&rsquo;avenir nous r\u00e9serve.<\/p>\n<p>[\/et_pb_text][\/et_pb_column][\/et_pb_row][\/et_pb_section]<\/p>\n","protected":false},"excerpt":{"rendered":"<p>Il est temps de r\u00e9parer ce qui ne fonctionne pas, au lieu de continuer \u00e0 repousser l&rsquo;\u00e9ch\u00e9ance<\/p>\n","protected":false},"author":1,"featured_media":987502285,"comment_status":"closed","ping_status":"closed","sticky":false,"template":"","format":"standard","meta":{"_acf_changed":false,"_et_pb_use_builder":"on","_et_pb_old_content":"","_et_gb_content_width":"","footnotes":""},"categories":[27,14],"tags":[],"class_list":["post-987502288","post","type-post","status-publish","format-standard","has-post-thumbnail","hentry","category-actualites","category-declaration-aux-medias-communique-de-presse"],"acf":[],"_links":{"self":[{"href":"https:\/\/stephanieplante.ca\/fr\/wp-json\/wp\/v2\/posts\/987502288","targetHints":{"allow":["GET"]}}],"collection":[{"href":"https:\/\/stephanieplante.ca\/fr\/wp-json\/wp\/v2\/posts"}],"about":[{"href":"https:\/\/stephanieplante.ca\/fr\/wp-json\/wp\/v2\/types\/post"}],"author":[{"embeddable":true,"href":"https:\/\/stephanieplante.ca\/fr\/wp-json\/wp\/v2\/users\/1"}],"replies":[{"embeddable":true,"href":"https:\/\/stephanieplante.ca\/fr\/wp-json\/wp\/v2\/comments?post=987502288"}],"version-history":[{"count":0,"href":"https:\/\/stephanieplante.ca\/fr\/wp-json\/wp\/v2\/posts\/987502288\/revisions"}],"wp:featuredmedia":[{"embeddable":true,"href":"https:\/\/stephanieplante.ca\/fr\/wp-json\/wp\/v2\/media\/987502285"}],"wp:attachment":[{"href":"https:\/\/stephanieplante.ca\/fr\/wp-json\/wp\/v2\/media?parent=987502288"}],"wp:term":[{"taxonomy":"category","embeddable":true,"href":"https:\/\/stephanieplante.ca\/fr\/wp-json\/wp\/v2\/categories?post=987502288"},{"taxonomy":"post_tag","embeddable":true,"href":"https:\/\/stephanieplante.ca\/fr\/wp-json\/wp\/v2\/tags?post=987502288"}],"curies":[{"name":"wp","href":"https:\/\/api.w.org\/{rel}","templated":true}]}}