{"id":987501935,"date":"2025-04-11T15:16:15","date_gmt":"2025-04-11T19:16:15","guid":{"rendered":"https:\/\/stephanieplante.ca\/fr\/?p=987501935"},"modified":"2025-04-14T12:02:06","modified_gmt":"2025-04-14T16:02:06","slug":"reductions-de-voies-sur-les-ponts-de-la-rue-st-patrick-et-de-lile-porter","status":"publish","type":"post","link":"https:\/\/stephanieplante.ca\/fr\/reductions-de-voies-sur-les-ponts-de-la-rue-st-patrick-et-de-lile-porter\/","title":{"rendered":"R\u00e9ductions de voies sur les ponts de la rue St. Patrick et de l\u2019\u00eele Porter"},"content":{"rendered":"\n\t\t<div class=\"wppdfemb-frame-container-1\" style=\"-webkit-overflow-scrolling:auto;\">\n\t\t\t<iframe class=\"pdfembed-iframe nonfullscreen wppdf-emb-iframe-1\"\n\t\t\t\tsrc=\"https:\/\/stephanieplante.ca\/fr\/?pdfemb-data=eyJ1cmwiOiJodHRwczpcL1wvc3RlcGhhbmllcGxhbnRlLmNhXC9mclwvd3AtY29udGVudFwvdXBsb2Fkc1wvc2l0ZXNcLzJcLzIwMjVcLzA0XC9QU0FfMTFBcHJpbDIwMjVfU3QtUGF0cmljay1TdHJlZXQtUG9ydGVycy1Jc2xhbmRfZmluYWxfZnJfdXBkYXRlLnBkZiIsInRpdGxlIjoiUFNBXzExQXByaWwyMDI1X1N0IFBhdHJpY2sgU3RyZWV0LVBvcnRlcnMgSXNsYW5kX2ZpbmFsX2ZyX3VwZGF0ZSIsImluZGV4IjoxLCJwZGZJRCI6OTg3NTAxOTM5fQ\"\n\t\t\t\ttitle=\"PSA_11April2025_St Patrick Street-Porters Island_final_fr_update\"\t\t\t\tdata-pdf-id=\"987501939\"\n\t\t\t\tdata-pdf-index=\"1\"\n\t\t\t\tstyle=\"border:none;width:100%;max-width:100%;height:100vh;\"\n\t\t\t\tscrolling=\"yes\">\n\t\t\t<\/iframe>\n\t\t<\/div>\n\n\t\t\n","protected":false},"excerpt":{"rendered":"<p>Le 11 avril 2025 \u2013 \u00c0 compter du dimanche 13 avril, le nombre de voies de circulation sur le pont de la rue St-Patrick sera r\u00e9duit de cinq \u00e0 quatre voies jusqu\u2019\u00e0 la fin de l\u2019\u00e9t\u00e9 2027\u202fdans le cadre du projet de r\u00e9fection des ponts de la rue St. Patrick et de l\u2019\u00eele Porter. Deux voies de circulation seront maintenues dans chaque direction et les virages \u00e0 droite vers la promenade Vanier seront toujours permis.<\/p>\n","protected":false},"author":1,"featured_media":987497747,"comment_status":"closed","ping_status":"closed","sticky":false,"template":"","format":"standard","meta":{"_acf_changed":false,"_et_pb_use_builder":"","_et_pb_old_content":"","_et_gb_content_width":"","footnotes":""},"categories":[27,14,20],"tags":[],"class_list":["post-987501935","post","type-post","status-publish","format-standard","has-post-thumbnail","hentry","category-actualites","category-declaration-aux-medias-communique-de-presse","category-transport"],"acf":[],"_links":{"self":[{"href":"https:\/\/stephanieplante.ca\/fr\/wp-json\/wp\/v2\/posts\/987501935","targetHints":{"allow":["GET"]}}],"collection":[{"href":"https:\/\/stephanieplante.ca\/fr\/wp-json\/wp\/v2\/posts"}],"about":[{"href":"https:\/\/stephanieplante.ca\/fr\/wp-json\/wp\/v2\/types\/post"}],"author":[{"embeddable":true,"href":"https:\/\/stephanieplante.ca\/fr\/wp-json\/wp\/v2\/users\/1"}],"replies":[{"embeddable":true,"href":"https:\/\/stephanieplante.ca\/fr\/wp-json\/wp\/v2\/comments?post=987501935"}],"version-history":[{"count":0,"href":"https:\/\/stephanieplante.ca\/fr\/wp-json\/wp\/v2\/posts\/987501935\/revisions"}],"wp:featuredmedia":[{"embeddable":true,"href":"https:\/\/stephanieplante.ca\/fr\/wp-json\/wp\/v2\/media\/987497747"}],"wp:attachment":[{"href":"https:\/\/stephanieplante.ca\/fr\/wp-json\/wp\/v2\/media?parent=987501935"}],"wp:term":[{"taxonomy":"category","embeddable":true,"href":"https:\/\/stephanieplante.ca\/fr\/wp-json\/wp\/v2\/categories?post=987501935"},{"taxonomy":"post_tag","embeddable":true,"href":"https:\/\/stephanieplante.ca\/fr\/wp-json\/wp\/v2\/tags?post=987501935"}],"curies":[{"name":"wp","href":"https:\/\/api.w.org\/{rel}","templated":true}]}}