{"id":987501910,"date":"2025-04-08T10:21:21","date_gmt":"2025-04-08T14:21:21","guid":{"rendered":"https:\/\/stephanieplante.ca\/fr\/?p=987501910"},"modified":"2025-04-08T10:42:14","modified_gmt":"2025-04-08T14:42:14","slug":"calendrier-des-depots-de-dechets-menagers-dangereux-pour-2025","status":"publish","type":"post","link":"https:\/\/stephanieplante.ca\/fr\/calendrier-des-depots-de-dechets-menagers-dangereux-pour-2025\/","title":{"rendered":"Calendrier des d\u00e9p\u00f4ts de d\u00e9chets m\u00e9nagers dangereux pour 2025"},"content":{"rendered":"\n\t\t<div class=\"wppdfemb-frame-container-1\" style=\"-webkit-overflow-scrolling:auto;\">\n\t\t\t<iframe class=\"pdfembed-iframe nonfullscreen wppdf-emb-iframe-1\"\n\t\t\t\tsrc=\"https:\/\/stephanieplante.ca\/fr\/?pdfemb-data=eyJ1cmwiOiJodHRwczpcL1wvc3RlcGhhbmllcGxhbnRlLmNhXC9mclwvd3AtY29udGVudFwvdXBsb2Fkc1wvc2l0ZXNcLzJcLzIwMjVcLzA0XC9Ob3RlLWRlLVNlcnZpY2UtQ2FsZW5kcmllci1kZXMtZGVwb3RzLWRlLWRlY2hldHMtbWVuYWdlcnMtZGFuZ2VyZXV4LXBvdXJcdTIwMmYyMDI1LnBkZiIsInRpdGxlIjoiTm90ZSBkZSBTZXJ2aWNlIFx1MjAxMyBDYWxlbmRyaWVyIGRlcyBkXHUwMGU5cFx1MDBmNHRzIGRlIGRcdTAwZTljaGV0cyBtXHUwMGU5bmFnZXJzIGRhbmdlcmV1eCBwb3VyXHUyMDJmMjAyNSIsImluZGV4IjoxLCJwZGZJRCI6OTg3NTAxOTExfQ\"\n\t\t\t\ttitle=\"Note de Service \u2013 Calendrier des d\u00e9p\u00f4ts de d\u00e9chets m\u00e9nagers dangereux pour\u202f2025\"\t\t\t\tdata-pdf-id=\"987501911\"\n\t\t\t\tdata-pdf-index=\"1\"\n\t\t\t\tstyle=\"border:none;width:100%;max-width:100%;height:100vh;\"\n\t\t\t\tscrolling=\"yes\">\n\t\t\t<\/iframe>\n\t\t<\/div>\n\n\t\t\n","protected":false},"excerpt":{"rendered":"<p>La Ville d\u2019Ottawa organise chaque ann\u00e9e des d\u00e9p\u00f4ts pour veiller \u00e0 ce que les d\u00e9chets dangereux des r\u00e9sidents soient ramass\u00e9s et transport\u00e9s en toute s\u00e9curit\u00e9, en plus d\u2019\u00eatre recycl\u00e9s ou \u00e9limin\u00e9s comme il se doit.<\/p>\n","protected":false},"author":1,"featured_media":987501915,"comment_status":"closed","ping_status":"closed","sticky":false,"template":"","format":"standard","meta":{"_acf_changed":false,"_et_pb_use_builder":"","_et_pb_old_content":"","_et_gb_content_width":"","footnotes":""},"categories":[27,14,18,13],"tags":[],"class_list":["post-987501910","post","type-post","status-publish","format-standard","has-post-thumbnail","hentry","category-actualites","category-declaration-aux-medias-communique-de-presse","category-environnement","category-services-communautaires"],"acf":[],"_links":{"self":[{"href":"https:\/\/stephanieplante.ca\/fr\/wp-json\/wp\/v2\/posts\/987501910","targetHints":{"allow":["GET"]}}],"collection":[{"href":"https:\/\/stephanieplante.ca\/fr\/wp-json\/wp\/v2\/posts"}],"about":[{"href":"https:\/\/stephanieplante.ca\/fr\/wp-json\/wp\/v2\/types\/post"}],"author":[{"embeddable":true,"href":"https:\/\/stephanieplante.ca\/fr\/wp-json\/wp\/v2\/users\/1"}],"replies":[{"embeddable":true,"href":"https:\/\/stephanieplante.ca\/fr\/wp-json\/wp\/v2\/comments?post=987501910"}],"version-history":[{"count":0,"href":"https:\/\/stephanieplante.ca\/fr\/wp-json\/wp\/v2\/posts\/987501910\/revisions"}],"wp:featuredmedia":[{"embeddable":true,"href":"https:\/\/stephanieplante.ca\/fr\/wp-json\/wp\/v2\/media\/987501915"}],"wp:attachment":[{"href":"https:\/\/stephanieplante.ca\/fr\/wp-json\/wp\/v2\/media?parent=987501910"}],"wp:term":[{"taxonomy":"category","embeddable":true,"href":"https:\/\/stephanieplante.ca\/fr\/wp-json\/wp\/v2\/categories?post=987501910"},{"taxonomy":"post_tag","embeddable":true,"href":"https:\/\/stephanieplante.ca\/fr\/wp-json\/wp\/v2\/tags?post=987501910"}],"curies":[{"name":"wp","href":"https:\/\/api.w.org\/{rel}","templated":true}]}}