{"id":14,"count":29,"description":"D\u00e9claration aux m\u00e9dias et Communiqu\u00e9 de presse","link":"https:\/\/stephanieplante.ca\/fr\/category\/actualites\/declaration-aux-medias-communique-de-presse\/","name":"D\u00e9claration aux m\u00e9dias et Communiqu\u00e9 de presse","slug":"declaration-aux-medias-communique-de-presse","taxonomy":"category","parent":27,"meta":[],"acf":[],"_links":{"self":[{"href":"https:\/\/stephanieplante.ca\/fr\/wp-json\/wp\/v2\/categories\/14","targetHints":{"allow":["GET"]}}],"collection":[{"href":"https:\/\/stephanieplante.ca\/fr\/wp-json\/wp\/v2\/categories"}],"about":[{"href":"https:\/\/stephanieplante.ca\/fr\/wp-json\/wp\/v2\/taxonomies\/category"}],"up":[{"embeddable":true,"href":"https:\/\/stephanieplante.ca\/fr\/wp-json\/wp\/v2\/categories\/27"}],"wp:post_type":[{"href":"https:\/\/stephanieplante.ca\/fr\/wp-json\/wp\/v2\/posts?categories=14"}],"curies":[{"name":"wp","href":"https:\/\/api.w.org\/{rel}","templated":true}]}}